{"id":1339,"date":"2025-10-17T09:27:32","date_gmt":"2025-10-17T09:27:32","guid":{"rendered":"https:\/\/soeursmcsc.org\/?p=1339"},"modified":"2025-12-23T11:28:41","modified_gmt":"2025-12-23T11:28:41","slug":"de-menton-a-montferrier","status":"publish","type":"post","link":"https:\/\/soeursmcsc.org\/index.php\/2025\/10\/17\/de-menton-a-montferrier\/","title":{"rendered":"De Menton \u00e0 Montferrier"},"content":{"rendered":"\n<p><strong>Apr\u00e8s plus de onze ans comme aum\u00f4nier \u00e0 Menton chez les \u00ab S\u0153urs Munet \u00bb, le P\u00e8re Christian Van Bunnen a d\u00e9m\u00e9nag\u00e9 \u00e0 Montferrier en juin 2025. Il a rejoint ainsi, dans la maison des P\u00e8res SMA, une petite communaut\u00e9 des S\u0153urs Missionnaires Cat\u00e9chistes du Sacr\u00e9-C\u0153ur, \u00e0 c\u00f4t\u00e9 de celle, un peu plus nombreuse et ancienne, des S\u0153urs de Notre-Dame des Ap\u00f4tres.<\/strong><\/p>\n\n\n\n<p>La maison de retraite des Missions Africaines est situ\u00e9e sur une colline bois\u00e9e de Montferrier, entour\u00e9e d\u2019un parc assez sauvage, peu \u00e9tendu, au milieu des ch\u00eanes verts, proche des vignes. Le calme est parfait et la vue assez d\u00e9gag\u00e9e.<\/p>\n\n\n\n<p>La construction du grand b\u00e2timent est due \u00e0 Jean Bonfils, Provincial de Lyon dans les ann\u00e9es de 1973 \u00e0 1979. La fondation date de 1979 mais le b\u00e2timent s\u2019est agrandi en plusieurs  \u00e9tapes par l\u2019ajout de chambres et de salles de vie et de service. Actuellement l\u2019institution<br>dispose de 62 chambres pour les retrait\u00e9s. Les r\u00e9sidents sont des P\u00e8res des Missions Africaines, des religieuses de deux congr\u00e9gations\u00a0: les S\u0153urs de Notre Dame des Ap\u00f4tres et les S\u0153urs Missionnaires Cat\u00e9chistes du Sacr\u00e9-C\u0153ur. S\u2019y ajoutent quelques la\u00efcs. <br>Nous sommes nombreux \u00e0 nous retrouver trois fois par jour \u00e0 la chapelle.<\/p>\n\n\n\n<p>En 1994, la maison est devenue un EHPAD (\u00c9tablissement d\u2019H\u00e9bergement pour Personnes \u00c2g\u00e9es D\u00e9pendantes), c\u2019est-\u00e0-dire qu\u2019elle a \u00e9t\u00e9 prise en charge par le d\u00e9partement de l\u2019H\u00e9rault qui paie le personnel m\u00e9dical et administratif et nomme un directeur la\u00efc (ou une<br>directrice, comme c\u2019est le cas actuellement). <br>A c\u00f4t\u00e9 d\u2019elle, il y a un responsable de communaut\u00e9, qui est le P\u00e8re Michel L\u2019Hostis SMA \u00e0 pr\u00e9sent, lui-m\u00eame retrait\u00e9. Son suppl\u00e9ant est le P\u00e8re Andr\u00e9 Moriceau.<\/p>\n\n\n\n<p>L\u2019ambiance est bonne. Le personnel est attentionn\u00e9 et chaleureux. Le matin surtout, on entend fuser les bonjours et les souhaits dans les couloirs et le restaurant o\u00f9 les r\u00e9sidents sont servis \u00e0 des tables de quatre ou cinq personnes. Les menus sont agr\u00e9ables, avec du vin<br>et du fromage \u00e0 midi et le soir. Entre 15h30 et 16h30, \u00e0 la \u00ab\u00a0salle panoramique\u00a0\u00bb, on peut se retrouver pour un go\u00fbter compos\u00e9 de boissons et desserts restants, tout en participant \u00e0 une conversation ou en lisant des magazines.<\/p>\n\n\n\n<p>Les r\u00e9sidents sont suivis m\u00e9dicalement mais aussi accompagn\u00e9s pour garder le go\u00fbt de vivre. Un animateur s&rsquo;occupe de fournir des activit\u00e9s culturelles et ludiques, des sorties pour des achats et parfois pour du tourisme. Un ergoth\u00e9rapeute dirige deux jours par semaine des s\u00e9ances de gymnastique douce pour les volontaires. Derni\u00e8rement, la SMA, les S\u0153urs de Notre Dame des Ap\u00f4tres et les S\u0153urs MCS-C se sont entendues pour engager \u00e0 leurs frais une \u00ab\u00a0auxiliaire\u00a0de communaut\u00e9\u00a0\u00bb, une dame qui doit veiller au bien-\u00eatre physique et moral de chacun des r\u00e9sidents. Il s\u2019agit de Christelle qui a choisi d\u2019accompagner elle-m\u00eame, au volant de la voiture, les r\u00e9sidents qui ont des rendez-vous pour une consultation ou pour des soins. Elle visite aussi chacune ou chacun dans sa chambre et prend le repas de midi chaque jour \u00e0 une table diff\u00e9rente dans le restaurant.<\/p>\n\n\n\n<p>La maison de Montferrier est devenue pour les Missions Africaines, la communaut\u00e9 la plus importante en France et pour les MCS-C, elle le deviendra peut-\u00eatre. Elle attire quotidiennement des visiteurs\u00a0: des membres de la famille des r\u00e9sidents, des confr\u00e8res SMA,<br>des pr\u00eatres africains, des autorit\u00e9s diverses. On se trouve donc \u00e0 un carrefour de rencontres qui enrichit le compagnonnage et la convivialit\u00e9.<\/p>\n\n\n\n<p class=\"has-text-align-right\"><strong>P\u00e8re Christian Van Bunnen<\/strong><\/p>\n\n\n\n<figure class=\"wp-block-gallery aligncenter has-nested-images columns-2 is-cropped wp-block-gallery-1 is-layout-flex wp-block-gallery-is-layout-flex\">\n<figure class=\"wp-block-image size-large\"><img loading=\"lazy\" decoding=\"async\" width=\"1024\" height=\"1024\" data-id=\"1343\" src=\"https:\/\/soeursmcsc.org\/wp-content\/uploads\/2025\/12\/Soeur-Jacqueline-1024x1024.jpg\" alt=\"\" class=\"wp-image-1343\" srcset=\"https:\/\/soeursmcsc.org\/wp-content\/uploads\/2025\/12\/Soeur-Jacqueline-1024x1024.jpg 1024w, https:\/\/soeursmcsc.org\/wp-content\/uploads\/2025\/12\/Soeur-Jacqueline-300x300.jpg 300w, https:\/\/soeursmcsc.org\/wp-content\/uploads\/2025\/12\/Soeur-Jacqueline-150x150.jpg 150w, https:\/\/soeursmcsc.org\/wp-content\/uploads\/2025\/12\/Soeur-Jacqueline-768x768.jpg 768w, https:\/\/soeursmcsc.org\/wp-content\/uploads\/2025\/12\/Soeur-Jacqueline-1536x1536.jpg 1536w, https:\/\/soeursmcsc.org\/wp-content\/uploads\/2025\/12\/Soeur-Jacqueline-2048x2048.jpg 2048w\" sizes=\"auto, (max-width: 1024px) 100vw, 1024px\" \/><\/figure>\n\n\n\n<figure class=\"wp-block-image size-large\"><img loading=\"lazy\" decoding=\"async\" width=\"1024\" height=\"746\" data-id=\"1341\" src=\"https:\/\/soeursmcsc.org\/wp-content\/uploads\/2025\/12\/Soeur-Angele-et-Marie-Luc-a-Montferrier-1024x746.jpg\" alt=\"\" class=\"wp-image-1341\" srcset=\"https:\/\/soeursmcsc.org\/wp-content\/uploads\/2025\/12\/Soeur-Angele-et-Marie-Luc-a-Montferrier-1024x746.jpg 1024w, https:\/\/soeursmcsc.org\/wp-content\/uploads\/2025\/12\/Soeur-Angele-et-Marie-Luc-a-Montferrier-300x218.jpg 300w, https:\/\/soeursmcsc.org\/wp-content\/uploads\/2025\/12\/Soeur-Angele-et-Marie-Luc-a-Montferrier-768x559.jpg 768w, https:\/\/soeursmcsc.org\/wp-content\/uploads\/2025\/12\/Soeur-Angele-et-Marie-Luc-a-Montferrier-1536x1119.jpg 1536w, https:\/\/soeursmcsc.org\/wp-content\/uploads\/2025\/12\/Soeur-Angele-et-Marie-Luc-a-Montferrier-2048x1492.jpg 2048w\" sizes=\"auto, (max-width: 1024px) 100vw, 1024px\" \/><\/figure>\n<\/figure>\n\n\n\n<p class=\"has-text-align-right\"><\/p>\n\n\n\n<p><\/p>\n","protected":false},"excerpt":{"rendered":"<p>Apr\u00e8s plus de onze ans comme aum\u00f4nier \u00e0 Menton chez les \u00ab S\u0153urs Munet \u00bb, le P\u00e8re Christian Van Bunnen a d\u00e9m\u00e9nag\u00e9 \u00e0 Montferrier en juin 2025. Il a&#8230;<\/p>\n","protected":false},"author":1,"featured_media":1342,"comment_status":"open","ping_status":"open","sticky":false,"template":"","format":"standard","meta":{"_uag_custom_page_level_css":"","_EventAllDay":false,"_EventTimezone":"","_EventStartDate":"","_EventEndDate":"","_EventStartDateUTC":"","_EventEndDateUTC":"","_EventShowMap":false,"_EventShowMapLink":false,"_EventURL":"","_EventCost":"","_EventCostDescription":"","_EventCurrencySymbol":"","_EventCurrencyCode":"","_EventCurrencyPosition":"","_EventDateTimeSeparator":"","_EventTimeRangeSeparator":"","_EventOrganizerID":[],"_EventVenueID":[],"_OrganizerEmail":"","_OrganizerPhone":"","_OrganizerWebsite":"","_VenueAddress":"","_VenueCity":"","_VenueCountry":"","_VenueProvince":"","_VenueState":"","_VenueZip":"","_VenuePhone":"","_VenueURL":"","_VenueStateProvince":"","_VenueLat":"","_VenueLng":"","_VenueShowMap":false,"_VenueShowMapLink":false,"footnotes":""},"categories":[5],"tags":[],"class_list":["post-1339","post","type-post","status-publish","format-standard","has-post-thumbnail","hentry","category-a-la-une"],"uagb_featured_image_src":{"full":["https:\/\/soeursmcsc.org\/wp-content\/uploads\/2025\/12\/Pere-Christian-le-jour-de-son-au-revoir-a-Menton.jpg",2248,2248,false],"thumbnail":["https:\/\/soeursmcsc.org\/wp-content\/uploads\/2025\/12\/Pere-Christian-le-jour-de-son-au-revoir-a-Menton-150x150.jpg",150,150,true],"medium":["https:\/\/soeursmcsc.org\/wp-content\/uploads\/2025\/12\/Pere-Christian-le-jour-de-son-au-revoir-a-Menton-300x300.jpg",300,300,true],"medium_large":["https:\/\/soeursmcsc.org\/wp-content\/uploads\/2025\/12\/Pere-Christian-le-jour-de-son-au-revoir-a-Menton-768x768.jpg",768,768,true],"large":["https:\/\/soeursmcsc.org\/wp-content\/uploads\/2025\/12\/Pere-Christian-le-jour-de-son-au-revoir-a-Menton-1024x1024.jpg",1024,1024,true],"1536x1536":["https:\/\/soeursmcsc.org\/wp-content\/uploads\/2025\/12\/Pere-Christian-le-jour-de-son-au-revoir-a-Menton-1536x1536.jpg",1536,1536,true],"2048x2048":["https:\/\/soeursmcsc.org\/wp-content\/uploads\/2025\/12\/Pere-Christian-le-jour-de-son-au-revoir-a-Menton-2048x2048.jpg",2048,2048,true]},"uagb_author_info":{"display_name":"MCS-C","author_link":"https:\/\/soeursmcsc.org\/index.php\/author\/admin\/"},"uagb_comment_info":4,"uagb_excerpt":"Apr\u00e8s plus de onze ans comme aum\u00f4nier \u00e0 Menton chez les \u00ab S\u0153urs Munet \u00bb, le P\u00e8re Christian Van Bunnen a d\u00e9m\u00e9nag\u00e9 \u00e0 Montferrier en juin 2025. Il a...","_links":{"self":[{"href":"https:\/\/soeursmcsc.org\/index.php\/wp-json\/wp\/v2\/posts\/1339","targetHints":{"allow":["GET"]}}],"collection":[{"href":"https:\/\/soeursmcsc.org\/index.php\/wp-json\/wp\/v2\/posts"}],"about":[{"href":"https:\/\/soeursmcsc.org\/index.php\/wp-json\/wp\/v2\/types\/post"}],"author":[{"embeddable":true,"href":"https:\/\/soeursmcsc.org\/index.php\/wp-json\/wp\/v2\/users\/1"}],"replies":[{"embeddable":true,"href":"https:\/\/soeursmcsc.org\/index.php\/wp-json\/wp\/v2\/comments?post=1339"}],"version-history":[{"count":1,"href":"https:\/\/soeursmcsc.org\/index.php\/wp-json\/wp\/v2\/posts\/1339\/revisions"}],"predecessor-version":[{"id":1344,"href":"https:\/\/soeursmcsc.org\/index.php\/wp-json\/wp\/v2\/posts\/1339\/revisions\/1344"}],"wp:featuredmedia":[{"embeddable":true,"href":"https:\/\/soeursmcsc.org\/index.php\/wp-json\/wp\/v2\/media\/1342"}],"wp:attachment":[{"href":"https:\/\/soeursmcsc.org\/index.php\/wp-json\/wp\/v2\/media?parent=1339"}],"wp:term":[{"taxonomy":"category","embeddable":true,"href":"https:\/\/soeursmcsc.org\/index.php\/wp-json\/wp\/v2\/categories?post=1339"},{"taxonomy":"post_tag","embeddable":true,"href":"https:\/\/soeursmcsc.org\/index.php\/wp-json\/wp\/v2\/tags?post=1339"}],"curies":[{"name":"wp","href":"https:\/\/api.w.org\/{rel}","templated":true}]}}